{"id":1815,"date":"2017-09-12T11:01:42","date_gmt":"2017-09-12T11:01:42","guid":{"rendered":"http:\/\/aliagaabogados.com\/noticias-juridicas-newsletter-165\/"},"modified":"2018-03-07T10:28:16","modified_gmt":"2018-03-07T10:28:16","slug":"noticias-juridicas-newsletter-165","status":"publish","type":"post","link":"https:\/\/aliagaabogados.com\/en\/noticias-juridicas-newsletter-165\/","title":{"rendered":"NOTICIAS JUR\u00cdDICAS &#8211; NEWSLETTER 165"},"content":{"rendered":"<p>Los hechos se remontan al a\u00f1o 2007, cuando la empresa monitoriz\u00f3 los mensajes de la cuenta de Yahoo Messenger de un empleado, y utiliz\u00f3 dichos mensajes para acreditar el despido del trabajador. El empleado despedido hab\u00eda creado la cuenta para atender a clientes de la empresa pero tambi\u00e9n utilizaba la misma para uso personal.<\/p>\n<p>El Tribunal Europeo de Derechos Humanos (TEDH) se\u00f1ala en su Sentencia que las empresas est\u00e1n sujetas a limitaciones en el control de los correos profesionales, y deben avisar previamente a sus empleados. En el caso analizado, el TEDH entiende que no se acredit\u00f3 que el trabajador fuera debidamente informado de que la empresa iba a acceder a sus mensajes.<\/p>\n<p>Como consecuencia, el fallo concluye por 11 votos a favor y 6 en contra, que las autoridades nacionales \u201cno han alcanzado un justo equilibrio entre los intereses en juego y no se ha protegido correctamente el derecho del demandante\u201d, por lo que el derecho a la vida privada y familiar del trabajador despedido result\u00f3 vulnerado.<\/p>\n<p>Para ver la sentencia pincha <a href=\"https:\/\/hudoc.echr.coe.int\/eng-press#{&quot;itemid&quot;:[&quot;003-5825428-7419362&quot;]}\" target=\"_blank\">aqu\u00ed<\/a> (s\u00f3lo disponible en ingl\u00e9s).<\/p>\n<p>&nbsp;<\/p>\n","protected":false},"excerpt":{"rendered":"<p>Los hechos se remontan al a\u00f1o 2007, cuando la empresa monitoriz\u00f3 los mensajes de la cuenta de Yahoo Messenger de un empleado, y utiliz\u00f3 dichos mensajes para acreditar el despido del trabajador. El empleado despedido hab\u00eda creado la cuenta para atender a clientes de la empresa pero tambi\u00e9n utilizaba la misma para uso personal. El [&hellip;]<\/p>\n","protected":false},"author":1,"featured_media":2314,"comment_status":"closed","ping_status":"closed","sticky":false,"template":"","format":"standard","meta":{"footnotes":""},"categories":[51,52],"tags":[],"class_list":["post-1815","post","type-post","status-publish","format-standard","has-post-thumbnail","hentry","category-laboral-en","category-noticias-en"],"_links":{"self":[{"href":"https:\/\/aliagaabogados.com\/en\/wp-json\/wp\/v2\/posts\/1815","targetHints":{"allow":["GET"]}}],"collection":[{"href":"https:\/\/aliagaabogados.com\/en\/wp-json\/wp\/v2\/posts"}],"about":[{"href":"https:\/\/aliagaabogados.com\/en\/wp-json\/wp\/v2\/types\/post"}],"author":[{"embeddable":true,"href":"https:\/\/aliagaabogados.com\/en\/wp-json\/wp\/v2\/users\/1"}],"replies":[{"embeddable":true,"href":"https:\/\/aliagaabogados.com\/en\/wp-json\/wp\/v2\/comments?post=1815"}],"version-history":[{"count":1,"href":"https:\/\/aliagaabogados.com\/en\/wp-json\/wp\/v2\/posts\/1815\/revisions"}],"predecessor-version":[{"id":2009,"href":"https:\/\/aliagaabogados.com\/en\/wp-json\/wp\/v2\/posts\/1815\/revisions\/2009"}],"wp:featuredmedia":[{"embeddable":true,"href":"https:\/\/aliagaabogados.com\/en\/wp-json\/wp\/v2\/media\/2314"}],"wp:attachment":[{"href":"https:\/\/aliagaabogados.com\/en\/wp-json\/wp\/v2\/media?parent=1815"}],"wp:term":[{"taxonomy":"category","embeddable":true,"href":"https:\/\/aliagaabogados.com\/en\/wp-json\/wp\/v2\/categories?post=1815"},{"taxonomy":"post_tag","embeddable":true,"href":"https:\/\/aliagaabogados.com\/en\/wp-json\/wp\/v2\/tags?post=1815"}],"curies":[{"name":"wp","href":"https:\/\/api.w.org\/{rel}","templated":true}]}}