{"id":1914,"date":"2015-03-24T12:44:08","date_gmt":"2015-03-24T12:44:08","guid":{"rendered":"http:\/\/aliagaabogados.com\/noticias-juridicas-newsletter-69\/"},"modified":"2018-03-07T10:28:53","modified_gmt":"2018-03-07T10:28:53","slug":"noticias-juridicas-newsletter-69","status":"publish","type":"post","link":"https:\/\/aliagaabogados.com\/en\/noticias-juridicas-newsletter-69\/","title":{"rendered":"NOTICIAS JUR\u00cdDICAS &#8211; NEWSLETTER 69"},"content":{"rendered":"<p>Las comunidades de propietarios est\u00e1n tambi\u00e9n exentas de pagar las tasas judiciales, al igual que una persona f\u00edsica.<\/p>\n<p>As\u00ed se ha determinado en una consulta vinculante realizada por el consejo general de colegios de administradores de fincas de Espa\u00f1a al Ministerio de Hacienda. Las comunidades de propietarios no tienen personalidad jur\u00eddica y en este caso se les considera personas f\u00edsicas ya que quien inicia el procedimiento judicial es una persona de la junta directiva.<\/p>\n<p>El pasado 1 de marzo de 2.015 entr\u00f3 en vigor el Real Decreto-Ley por el que se aprueba la supresi\u00f3n del pago de las tasas judiciales a los ciudadanos pero no a las PYMES. Tras la consulta vinculante efectuada por los administradores de fincas, Hacienda determina que las comunidades de propietarios tambi\u00e9n est\u00e1n exentas del pago de este \u201cpeaje\u201d que hay que pagar para poder pedir al Juez ayuda judicial.<\/p>\n","protected":false},"excerpt":{"rendered":"<p>Las comunidades de propietarios est\u00e1n tambi\u00e9n exentas de pagar las tasas judiciales, al igual que una persona f\u00edsica. As\u00ed se ha determinado en una consulta vinculante realizada por el consejo general de colegios de administradores de fincas de Espa\u00f1a al Ministerio de Hacienda. Las comunidades de propietarios no tienen personalidad jur\u00eddica y en este caso [&hellip;]<\/p>\n","protected":false},"author":1,"featured_media":2322,"comment_status":"closed","ping_status":"closed","sticky":false,"template":"","format":"standard","meta":{"footnotes":""},"categories":[52,76],"tags":[],"class_list":["post-1914","post","type-post","status-publish","format-standard","has-post-thumbnail","hentry","category-noticias-en","category-propiedad-horizontal-en"],"_links":{"self":[{"href":"https:\/\/aliagaabogados.com\/en\/wp-json\/wp\/v2\/posts\/1914","targetHints":{"allow":["GET"]}}],"collection":[{"href":"https:\/\/aliagaabogados.com\/en\/wp-json\/wp\/v2\/posts"}],"about":[{"href":"https:\/\/aliagaabogados.com\/en\/wp-json\/wp\/v2\/types\/post"}],"author":[{"embeddable":true,"href":"https:\/\/aliagaabogados.com\/en\/wp-json\/wp\/v2\/users\/1"}],"replies":[{"embeddable":true,"href":"https:\/\/aliagaabogados.com\/en\/wp-json\/wp\/v2\/comments?post=1914"}],"version-history":[{"count":1,"href":"https:\/\/aliagaabogados.com\/en\/wp-json\/wp\/v2\/posts\/1914\/revisions"}],"predecessor-version":[{"id":2108,"href":"https:\/\/aliagaabogados.com\/en\/wp-json\/wp\/v2\/posts\/1914\/revisions\/2108"}],"wp:featuredmedia":[{"embeddable":true,"href":"https:\/\/aliagaabogados.com\/en\/wp-json\/wp\/v2\/media\/2322"}],"wp:attachment":[{"href":"https:\/\/aliagaabogados.com\/en\/wp-json\/wp\/v2\/media?parent=1914"}],"wp:term":[{"taxonomy":"category","embeddable":true,"href":"https:\/\/aliagaabogados.com\/en\/wp-json\/wp\/v2\/categories?post=1914"},{"taxonomy":"post_tag","embeddable":true,"href":"https:\/\/aliagaabogados.com\/en\/wp-json\/wp\/v2\/tags?post=1914"}],"curies":[{"name":"wp","href":"https:\/\/api.w.org\/{rel}","templated":true}]}}