{"id":1953,"date":"2014-05-20T08:54:05","date_gmt":"2014-05-20T08:54:05","guid":{"rendered":"http:\/\/aliagaabogados.com\/noticias-juridicas-newsletter-30\/"},"modified":"2018-03-07T10:29:09","modified_gmt":"2018-03-07T10:29:09","slug":"noticias-juridicas-newsletter-30","status":"publish","type":"post","link":"https:\/\/aliagaabogados.com\/en\/noticias-juridicas-newsletter-30\/","title":{"rendered":"NOTICIAS JURIDICAS &#8211; NEWSLETTER 30"},"content":{"rendered":"<p>El Pleno del Tribunal Constitucional, en su reciente sentencia de 10 de abril de 2014, afirma que la impugnaci\u00f3n jurisdiccional de las desestimaciones por silencio administrativo no est\u00e1n sujetas al plazo de seis meses establecido por el Art. 46.1 de la Ley de la Jurisdicci\u00f3n Contencioso Administrativa.<\/p>\n<p>Para ver Sentencia pinchar <a href=\"http:\/\/aliagaabogados.com\/wp-content\/uploads\/2015\/11\/STC-52-2014-10-abril3.pdf\" target=\"_blank\">aqu\u00ed<\/a>.<\/p>\n","protected":false},"excerpt":{"rendered":"<p>El Pleno del Tribunal Constitucional, en su reciente sentencia de 10 de abril de 2014, afirma que la impugnaci\u00f3n jurisdiccional de las desestimaciones por silencio administrativo no est\u00e1n sujetas al plazo de seis meses establecido por el Art. 46.1 de la Ley de la Jurisdicci\u00f3n Contencioso Administrativa. Para ver Sentencia pinchar aqu\u00ed.<\/p>\n","protected":false},"author":1,"featured_media":2295,"comment_status":"closed","ping_status":"closed","sticky":false,"template":"","format":"standard","meta":{"footnotes":""},"categories":[63,52],"tags":[],"class_list":["post-1953","post","type-post","status-publish","format-standard","has-post-thumbnail","hentry","category-contencioso-administrativo-en","category-noticias-en"],"_links":{"self":[{"href":"https:\/\/aliagaabogados.com\/en\/wp-json\/wp\/v2\/posts\/1953","targetHints":{"allow":["GET"]}}],"collection":[{"href":"https:\/\/aliagaabogados.com\/en\/wp-json\/wp\/v2\/posts"}],"about":[{"href":"https:\/\/aliagaabogados.com\/en\/wp-json\/wp\/v2\/types\/post"}],"author":[{"embeddable":true,"href":"https:\/\/aliagaabogados.com\/en\/wp-json\/wp\/v2\/users\/1"}],"replies":[{"embeddable":true,"href":"https:\/\/aliagaabogados.com\/en\/wp-json\/wp\/v2\/comments?post=1953"}],"version-history":[{"count":1,"href":"https:\/\/aliagaabogados.com\/en\/wp-json\/wp\/v2\/posts\/1953\/revisions"}],"predecessor-version":[{"id":2147,"href":"https:\/\/aliagaabogados.com\/en\/wp-json\/wp\/v2\/posts\/1953\/revisions\/2147"}],"wp:featuredmedia":[{"embeddable":true,"href":"https:\/\/aliagaabogados.com\/en\/wp-json\/wp\/v2\/media\/2295"}],"wp:attachment":[{"href":"https:\/\/aliagaabogados.com\/en\/wp-json\/wp\/v2\/media?parent=1953"}],"wp:term":[{"taxonomy":"category","embeddable":true,"href":"https:\/\/aliagaabogados.com\/en\/wp-json\/wp\/v2\/categories?post=1953"},{"taxonomy":"post_tag","embeddable":true,"href":"https:\/\/aliagaabogados.com\/en\/wp-json\/wp\/v2\/tags?post=1953"}],"curies":[{"name":"wp","href":"https:\/\/api.w.org\/{rel}","templated":true}]}}