{"id":1962,"date":"2014-03-14T10:17:15","date_gmt":"2014-03-14T10:17:15","guid":{"rendered":"http:\/\/aliagaabogados.com\/noticias-juridicas-newsletter-21\/"},"modified":"2018-03-07T10:29:12","modified_gmt":"2018-03-07T10:29:12","slug":"noticias-juridicas-newsletter-21","status":"publish","type":"post","link":"https:\/\/aliagaabogados.com\/en\/noticias-juridicas-newsletter-21\/","title":{"rendered":"NOTICIAS JURIDICAS &#8211; NEWSLETTER 21"},"content":{"rendered":"<p>El reciente Real Decreto-ley 3\/2014, de 28 de febrero, de medidas urgentes para el fomento del empleo y la contrataci\u00f3n indefinida establece una reducci\u00f3n a 100 Euros en las cotizaciones sociales para nuevas contrataciones indefinidas que mantengan el empleo neto durante al menos tres a\u00f1os, las caracter\u00edsticas principales para tales reducciones son las siguientes:<\/p>\n<p>1.-Se podr\u00e1n beneficiar de esta medida todas las empresas, con independencia de su tama\u00f1o, tanto si la contrataci\u00f3n es a tiempo completo como si es a tiempo parcial (proporcionalmente a la jornada laboral contratada), y solo respecto de las nuevas contrataciones celebradas entre el 25 de febrero de 2014 y el 31 de diciembre de 2014, siempre que suponga creaci\u00f3n de empleo neto. La conversi\u00f3n de temporal a fijo no estar\u00e1 bonificada por esta ayuda.<\/p>\n<p>2.- La reducci\u00f3n de la cuant\u00eda a 100 \u20ac, tan solo afectar\u00e1 a la cuota empresarial por contingencias comunes. Se mantienen inalterables las cotizaciones por desempleo, las de formaci\u00f3n profesional, las del Fogasa y la cuota de accidentes de trabajo.  <\/p>\n<p>3.- Este beneficio se disfrutar\u00e1 durante los primeros 24 meses del contrato indefinido, siempre que el trabajador contin\u00fae contratado durante al menos un a\u00f1os m\u00e1s, de lo contrario, si fuera despedido antes, la empresa deber\u00e1 devolver las cuant\u00edas reducidas, dependiendo del tiempo transcurrido las devoluciones variaran entre un m\u00e1ximo del 100% a un m\u00ednimo del 33%.<\/p>\n<p>Todo ello sin perjuicio de las matizaciones que, previsiblemente, se vayan haciendo por parte de la Administraci\u00f3n. <\/p>\n","protected":false},"excerpt":{"rendered":"<p>El reciente Real Decreto-ley 3\/2014, de 28 de febrero, de medidas urgentes para el fomento del empleo y la contrataci\u00f3n indefinida establece una reducci\u00f3n a 100 Euros en las cotizaciones sociales para nuevas contrataciones indefinidas que mantengan el empleo neto durante al menos tres a\u00f1os, las caracter\u00edsticas principales para tales reducciones son las siguientes: 1.-Se [&hellip;]<\/p>\n","protected":false},"author":1,"featured_media":2314,"comment_status":"closed","ping_status":"closed","sticky":false,"template":"","format":"standard","meta":{"footnotes":""},"categories":[51,52],"tags":[],"class_list":["post-1962","post","type-post","status-publish","format-standard","has-post-thumbnail","hentry","category-laboral-en","category-noticias-en"],"_links":{"self":[{"href":"https:\/\/aliagaabogados.com\/en\/wp-json\/wp\/v2\/posts\/1962","targetHints":{"allow":["GET"]}}],"collection":[{"href":"https:\/\/aliagaabogados.com\/en\/wp-json\/wp\/v2\/posts"}],"about":[{"href":"https:\/\/aliagaabogados.com\/en\/wp-json\/wp\/v2\/types\/post"}],"author":[{"embeddable":true,"href":"https:\/\/aliagaabogados.com\/en\/wp-json\/wp\/v2\/users\/1"}],"replies":[{"embeddable":true,"href":"https:\/\/aliagaabogados.com\/en\/wp-json\/wp\/v2\/comments?post=1962"}],"version-history":[{"count":1,"href":"https:\/\/aliagaabogados.com\/en\/wp-json\/wp\/v2\/posts\/1962\/revisions"}],"predecessor-version":[{"id":2156,"href":"https:\/\/aliagaabogados.com\/en\/wp-json\/wp\/v2\/posts\/1962\/revisions\/2156"}],"wp:featuredmedia":[{"embeddable":true,"href":"https:\/\/aliagaabogados.com\/en\/wp-json\/wp\/v2\/media\/2314"}],"wp:attachment":[{"href":"https:\/\/aliagaabogados.com\/en\/wp-json\/wp\/v2\/media?parent=1962"}],"wp:term":[{"taxonomy":"category","embeddable":true,"href":"https:\/\/aliagaabogados.com\/en\/wp-json\/wp\/v2\/categories?post=1962"},{"taxonomy":"post_tag","embeddable":true,"href":"https:\/\/aliagaabogados.com\/en\/wp-json\/wp\/v2\/tags?post=1962"}],"curies":[{"name":"wp","href":"https:\/\/api.w.org\/{rel}","templated":true}]}}