{"id":1973,"date":"2013-12-26T11:50:42","date_gmt":"2013-12-26T11:50:42","guid":{"rendered":"http:\/\/aliagaabogados.com\/noticias-juridicas-newsletter-9\/"},"modified":"2018-03-07T10:29:17","modified_gmt":"2018-03-07T10:29:17","slug":"noticias-juridicas-newsletter-9","status":"publish","type":"post","link":"https:\/\/aliagaabogados.com\/en\/noticias-juridicas-newsletter-9\/","title":{"rendered":"NOTICIAS JURIDICAS &#8211; NEWSLETTER 9"},"content":{"rendered":"<p>Continuando con el an\u00e1lisis de las novedades de la LEY DE EMPRENDEDORES, os venimos a informar del nuevo &#8220;R\u00e9gimen Especial del Criterio de Caja&#8221;. Este criterio supone que el profesional o empresario que se acoja, no estar\u00e1 obligado a adelantar el IVA de las facturas no cobradas, aunque tampoco podr\u00e1 deducirse aquellas que no haya pagado. En contrapartida, las obligaciones registrales se incrementan, puesto que los libros de registro deber\u00e1n indicar el modo de cobro y pago as\u00ed como la cuenta bancaria a trav\u00e9s de la que se haya realizado la operaci\u00f3n. Hay que tener en cuenta que este criterio va afectar a nuestros clientes, quienes tampoco se podr\u00e1n desgravar el IVA hasta que no paguen la factura.<\/p>\n<p>Podr\u00e1n optar voluntariamente todos los empresarios y profesionales que durante el a\u00f1o natural anterior (2013) no hayan superado los dos millones de euros en facturaci\u00f3n.<\/p>\n<p>El plazo para acogerse a esta opci\u00f3n absolutamente voluntaria en el ejercicio 2014 finaliza el pr\u00f3ximo 31 de diciembre. Dicha opci\u00f3n se entender\u00e1 prorrogada autom\u00e1ticamente, salvo renuncia de la misma, lo que supondr\u00eda la obligaci\u00f3n de permanecer en el r\u00e9gimen general durante los tres ejercicios siguientes.<\/p>\n","protected":false},"excerpt":{"rendered":"<p>Continuando con el an\u00e1lisis de las novedades de la LEY DE EMPRENDEDORES, os venimos a informar del nuevo &#8220;R\u00e9gimen Especial del Criterio de Caja&#8221;. Este criterio supone que el profesional o empresario que se acoja, no estar\u00e1 obligado a adelantar el IVA de las facturas no cobradas, aunque tampoco podr\u00e1 deducirse aquellas que no haya [&hellip;]<\/p>\n","protected":false},"author":1,"featured_media":2329,"comment_status":"closed","ping_status":"closed","sticky":false,"template":"","format":"standard","meta":{"footnotes":""},"categories":[59,52],"tags":[],"class_list":["post-1973","post","type-post","status-publish","format-standard","has-post-thumbnail","hentry","category-financiero-y-tributario-en","category-noticias-en"],"_links":{"self":[{"href":"https:\/\/aliagaabogados.com\/en\/wp-json\/wp\/v2\/posts\/1973","targetHints":{"allow":["GET"]}}],"collection":[{"href":"https:\/\/aliagaabogados.com\/en\/wp-json\/wp\/v2\/posts"}],"about":[{"href":"https:\/\/aliagaabogados.com\/en\/wp-json\/wp\/v2\/types\/post"}],"author":[{"embeddable":true,"href":"https:\/\/aliagaabogados.com\/en\/wp-json\/wp\/v2\/users\/1"}],"replies":[{"embeddable":true,"href":"https:\/\/aliagaabogados.com\/en\/wp-json\/wp\/v2\/comments?post=1973"}],"version-history":[{"count":1,"href":"https:\/\/aliagaabogados.com\/en\/wp-json\/wp\/v2\/posts\/1973\/revisions"}],"predecessor-version":[{"id":2167,"href":"https:\/\/aliagaabogados.com\/en\/wp-json\/wp\/v2\/posts\/1973\/revisions\/2167"}],"wp:featuredmedia":[{"embeddable":true,"href":"https:\/\/aliagaabogados.com\/en\/wp-json\/wp\/v2\/media\/2329"}],"wp:attachment":[{"href":"https:\/\/aliagaabogados.com\/en\/wp-json\/wp\/v2\/media?parent=1973"}],"wp:term":[{"taxonomy":"category","embeddable":true,"href":"https:\/\/aliagaabogados.com\/en\/wp-json\/wp\/v2\/categories?post=1973"},{"taxonomy":"post_tag","embeddable":true,"href":"https:\/\/aliagaabogados.com\/en\/wp-json\/wp\/v2\/tags?post=1973"}],"curies":[{"name":"wp","href":"https:\/\/api.w.org\/{rel}","templated":true}]}}